{"id":1245,"date":"2019-03-12T18:05:49","date_gmt":"2019-03-12T15:05:49","guid":{"rendered":"http:\/\/kucukosman.com\/?p=1245"},"modified":"2020-07-08T11:54:36","modified_gmt":"2020-07-08T08:54:36","slug":"cezali-duruma-dusmus-kantarlara-af","status":"publish","type":"post","link":"http:\/\/kucukosman.com\/index.php\/2019\/03\/12\/cezali-duruma-dusmus-kantarlara-af\/","title":{"rendered":"Cezal\u0131 Duruma D\u00fc\u015fm\u00fc\u015f Kantarlara Af!!"},"content":{"rendered":"<p>3516 say\u0131l\u0131 Kanuna a\u015fa\u011f\u0131daki ge\u00e7ici muafiyet maddesi eklenmi\u015ftir.<\/p>\n<p>Ge\u00e7ici Madde 3 &#8211; 15 inci maddenin birinci f\u0131kras\u0131n\u0131n (c) bendine giren fiilleri 1\/12\/2018 tarihinden \u00f6nce i\u015fleyenler hakk\u0131nda bu bent h\u00fck\u00fcmleri uygulanmaz. Bu kapsamdaki \u00f6l\u00e7\u00fc aletleri i\u00e7in bu maddenin y\u00fcr\u00fcrl\u00fc\u011fe girdi\u011fi tarihten itibaren doksan g\u00fcn i\u00e7inde periyodik muayene ba\u015fvurusunda bulunanlar muayene ve damgas\u0131 yap\u0131ld\u0131ktan sonra s\u00f6z konusu \u00f6l\u00e7\u00fc aletini kullanabilir. Bu s\u00fcre i\u00e7inde periyodik muayene i\u00e7in ba\u015fvuruda bulunmayanlar ise s\u00f6z konusu \u00f6l\u00e7\u00fc aletini kullanamaz. Kullananlar hakk\u0131nda belirtilen bent uyar\u0131nca i\u015flem yap\u0131l\u0131r.<\/p>\n<p>Bu kapsamda,<strong> 1\/12\/2018 tarihinden \u00f6nce<\/strong> damgas\u0131 kopmu\u015f, bozulmu\u015f, damga s\u00fcresi ge\u00e7mi\u015f oldu\u011fu i\u00e7in cezai duruma d\u00fc\u015fm\u00fc\u015f \u00f6l\u00e7\u00fc aleti kullan\u0131c\u0131lar\u0131n\u0131n, <strong>28\/2\/2019 tarihinden itibaren doksan g\u00fcn i\u00e7erisinde<\/strong> periyodik muayene ba\u015fvurusunda bulunmalar\u0131 halinde, s\u00f6z konusu fiile ili\u015fkin herhangi bir ceza \u00f6demeksizin muayene ve damgas\u0131n\u0131 yapt\u0131rarak \u00f6l\u00e7\u00fc aletini kullanmalar\u0131 m\u00fcmk\u00fcn hale getirilmi\u015ftir.<\/p>\n\n\n<div class=\"wp-block-file\"><a href=\"http:\/\/kucukosman.com\/wp-content\/uploads\/2019\/03\/3516-Say\u0131l\u0131-Kanun-3.pdf\">3516 Say\u0131l\u0131 Kanun<\/a><a href=\"http:\/\/kucukosman.com\/wp-content\/uploads\/2019\/03\/3516-Say\u0131l\u0131-Kanun-3.pdf\" class=\"wp-block-file__button\" download>\u0130ndir<\/a><\/div>\n","protected":false},"excerpt":{"rendered":"<p>3516 say\u0131l\u0131 Kanuna a\u015fa\u011f\u0131daki ge\u00e7ici muafiyet maddesi eklenmi\u015ftir. Ge\u00e7ici Madde 3 &#8211; 15 inci maddenin birinci f\u0131kras\u0131n\u0131n (c) bendine giren fiilleri 1\/12\/2018 tarihinden \u00f6nce i\u015fleyenler&hellip;<\/p>\n","protected":false},"author":1,"featured_media":0,"comment_status":"open","ping_status":"open","sticky":false,"template":"","format":"standard","meta":{"jetpack_post_was_ever_published":false},"categories":[40],"tags":[71,37,58,72,70],"aioseo_notices":[],"jetpack_featured_media_url":"","jetpack_sharing_enabled":true,"jetpack_shortlink":"https:\/\/wp.me\/paylhb-k5","jetpack-related-posts":[{"id":1078,"url":"http:\/\/kucukosman.com\/index.php\/2019\/01\/03\/kantarinizin-periyodik-muayenesini-unutmayin\/","url_meta":{"origin":1245,"position":0},"title":"Kantar\u0131n\u0131z\u0131n Periyodik Muayenesini Unutmay\u0131n!","date":"3 Ocak 2019","format":false,"excerpt":"2017 y\u0131l\u0131nda muayenesi yap\u0131lan kantarlar i\u00e7in 2 y\u0131ll\u0131k periyodik muayene ve damgalama d\u00f6nemi gelmi\u015ftir. \u00d6l\u00e7\u00fc ve \u00d6l\u00e7\u00fc Aletleri Muayene Y\u00f6netmeli\u011finin 6. ve 7. Maddeleri gere\u011fi periyodik muayene i\u00e7in 28 \u015eubat 2019 tarihine kadar gerekli har\u00e7lar\u0131 yat\u0131r\u0131p Bilim, Sanayi ve Teknoloji Bakanl\u0131\u011f\u0131na ba\u011fl\u0131 \u0130l M\u00fcd\u00fcrl\u00fcklerine ba\u015fvurular\u0131n\u0131z\u0131 yapman\u0131z zorunludur. Aksi durumda \"Damga\u2026","rel":"","context":"&quot;ANASAYFA&quot; i\u00e7inde","img":{"alt_text":"","src":"","width":0,"height":0},"classes":[]},{"id":1466,"url":"http:\/\/kucukosman.com\/index.php\/2020\/02\/05\/kantarlarinizin-periyodik-muayeneleri-hakkinda\/","url_meta":{"origin":1245,"position":1},"title":"KANTARLARINIZIN PER\u0130YOD\u0130K MUAYENELER\u0130 HAKKINDA","date":"5 \u015eubat 2020","format":false,"excerpt":"De\u011ferli m\u00fc\u015fterimiz; Kantarlar\u0131n\u0131z\u0131n periyodik muayeneleri daha \u00f6nce Bilim, Sanayi ve Teknoloji Bakanl\u0131\u011f\u0131 taraf\u0131ndan iki y\u0131lda bir yap\u0131lmakta olup, K\u00fc\u00e7\u00fck Osman Bask\u00fcl San. Ve Tic. A.\u015e. olarak, bu muayene s\u0131ras\u0131nda kalibrasyon hizmeti vererek sizlere desteklerimizi sunuyorduk. 11.10.2019 tarih ve 30915 say\u0131l\u0131 Resmi Gazetede yay\u0131mlanan y\u00f6netmeli\u011fe g\u00f6re 01.01.2020 tarihi itibariyle kantar periyodik\u2026","rel":"","context":"&quot;ANASAYFA&quot; i\u00e7inde","img":{"alt_text":"","src":"","width":0,"height":0},"classes":[]},{"id":2222,"url":"http:\/\/kucukosman.com\/index.php\/2025\/12\/01\/2026-yili-kantar-periyodik-muayeneleri-hakkinda\/","url_meta":{"origin":1245,"position":2},"title":"2026 YILI KANTAR PER\u0130YOD\u0130K MUAYENELER\u0130 HAKKINDA","date":"1 Aral\u0131k 2025","format":false,"excerpt":"De\u011ferli M\u00fc\u015fterilerimiz, Son damgalanma tarihi 2024 y\u0131l\u0131 olan kantarlar\u0131n 2026 y\u0131l\u0131 itibariyle Periyodik Muayene d\u00f6nemleri gelmi\u015ftir. Bildi\u011finiz \u00fczere 11.10.2019 tarih ve 30915 say\u0131l\u0131 Resmi Gazetede yay\u0131mlanan y\u00f6netmeli\u011fe g\u00f6re 01.01.2020 tarihi itibariyle kantar periyodik muayeneleri T.S.E. taraf\u0131ndan yap\u0131lmaktad\u0131r. Bu kapsamda 2026 y\u0131l\u0131 \u015eubat ay\u0131 sonuna kadar www.basvuruportal.tse.org.tr\u00a0adresi \u00fczerinden Periyodik Muayene ba\u015fvurular\u0131n\u0131z\u0131\u2026","rel":"","context":"&quot;ANASAYFA&quot; i\u00e7inde","img":{"alt_text":"","src":"","width":0,"height":0},"classes":[]},{"id":1651,"url":"http:\/\/kucukosman.com\/index.php\/2021\/01\/07\/2021-yili-kantar-periyodik-muayeneleri-hakkinda\/","url_meta":{"origin":1245,"position":3},"title":"2021 Y\u0131l\u0131 Kantar Periyodik Muayeneleri Hakk\u0131nda","date":"7 Ocak 2021","format":false,"excerpt":"De\u011ferli M\u00fc\u015fterilerimiz, Son damgalanma tarihi 2019 y\u0131l\u0131 olan kantarlar\u0131n 2021 y\u0131l\u0131 itibariyle Periyodik Muayene d\u00f6nemleri gelmi\u015ftir. Bildi\u011finiz \u00fczere 11.10.2019 tarih ve 30915 say\u0131l\u0131 Resmi Gazetede yay\u0131mlanan y\u00f6netmeli\u011fe g\u00f6re 01.01.2020 tarihi itibariyle kantar periyodik muayeneleri TSE taraf\u0131ndan yap\u0131lmaktad\u0131r. Bu kapsamda 2021 y\u0131l\u0131 \u015eubat ay\u0131 sonuna kadar www.basvuruportal.tse.org.tr adresi \u00fczerinden ba\u015fvurular\u0131n\u0131z\u0131 yapmay\u0131\u2026","rel":"","context":"&quot;ANASAYFA&quot; i\u00e7inde","img":{"alt_text":"","src":"","width":0,"height":0},"classes":[]},{"id":1510,"url":"http:\/\/kucukosman.com\/index.php\/2020\/06\/09\/e-irsaliyeye-hazir-misiniz\/","url_meta":{"origin":1245,"position":4},"title":"E-\u0130RSAL\u0130YE UYGULAMASINA HAZIR MISINIZ?","date":"9 Haziran 2020","format":false,"excerpt":"\u201c19.10.2019 tarihli ve 30923 say\u0131l\u0131 Resmi Gazete\u2019de yay\u0131mlanan 509 S\u0131ra No.lu Vergi Usul Kanunu Genel Tebli\u011finin IV.3.5. numaral\u0131 b\u00f6l\u00fcm\u00fcnde belirtilen m\u00fckelleflerin, e-\u0130rsaliye uygulamas\u0131na ili\u015fkin ba\u015fvurular\u0131n\u0131 ve fiili ge\u00e7i\u015f haz\u0131rl\u0131klar\u0131n\u0131 1\/7\/2020 tarihine kadar tamamlayarak e-\u0130rsaliye uygulamas\u0131na ge\u00e7meleri ve bu tarihten itibaren d\u00fczenleyecekleri sevk irsaliyelerini bu Tebli\u011fin \u201cV.7.\u201d ve \u201cVIII.\u201d numaral\u0131 b\u00f6l\u00fcmlerinde\u2026","rel":"","context":"&quot;ANASAYFA&quot; i\u00e7inde","img":{"alt_text":"","src":"","width":0,"height":0},"classes":[]},{"id":1490,"url":"http:\/\/kucukosman.com\/index.php\/2020\/04\/10\/guncel-gelismeler-hakkinda\/","url_meta":{"origin":1245,"position":5},"title":"G\u00dcNCEL GEL\u0130\u015eMELER HAKKINDA.","date":"10 Nisan 2020","format":false,"excerpt":"De\u011ferli m\u00fc\u015fterilerimiz, D\u00fcnya genelinde ya\u015fad\u0131\u011f\u0131m\u0131z salg\u0131n nedeniyle \u015firketimizin idari b\u00f6l\u00fcm\u00fc evden \u00e7al\u0131\u015fma sistemine ge\u00e7mi\u015ftir. Bu s\u00fcre\u00e7 i\u00e7erisinde bizlere ula\u015fabilece\u011finiz telefon numaralar\u0131m\u0131z ; Mehmet \u015eENG\u00dcN 0532 283 69 82 G\u00fcrdal \u015eENG\u00dcN 0532 272 48 80 Bu s\u0131k\u0131nt\u0131l\u0131 g\u00fcnleri en k\u0131sa zamanda atlatarak sa\u011fl\u0131kl\u0131 g\u00fcnlerde g\u00f6r\u00fc\u015fmek dile\u011fimizle.","rel":"","context":"&quot;ANASAYFA&quot; i\u00e7inde","img":{"alt_text":"","src":"","width":0,"height":0},"classes":[]}],"jetpack_likes_enabled":true,"_links":{"self":[{"href":"http:\/\/kucukosman.com\/index.php\/wp-json\/wp\/v2\/posts\/1245"}],"collection":[{"href":"http:\/\/kucukosman.com\/index.php\/wp-json\/wp\/v2\/posts"}],"about":[{"href":"http:\/\/kucukosman.com\/index.php\/wp-json\/wp\/v2\/types\/post"}],"author":[{"embeddable":true,"href":"http:\/\/kucukosman.com\/index.php\/wp-json\/wp\/v2\/users\/1"}],"replies":[{"embeddable":true,"href":"http:\/\/kucukosman.com\/index.php\/wp-json\/wp\/v2\/comments?post=1245"}],"version-history":[{"count":5,"href":"http:\/\/kucukosman.com\/index.php\/wp-json\/wp\/v2\/posts\/1245\/revisions"}],"predecessor-version":[{"id":1256,"href":"http:\/\/kucukosman.com\/index.php\/wp-json\/wp\/v2\/posts\/1245\/revisions\/1256"}],"wp:attachment":[{"href":"http:\/\/kucukosman.com\/index.php\/wp-json\/wp\/v2\/media?parent=1245"}],"wp:term":[{"taxonomy":"category","embeddable":true,"href":"http:\/\/kucukosman.com\/index.php\/wp-json\/wp\/v2\/categories?post=1245"},{"taxonomy":"post_tag","embeddable":true,"href":"http:\/\/kucukosman.com\/index.php\/wp-json\/wp\/v2\/tags?post=1245"}],"curies":[{"name":"wp","href":"https:\/\/api.w.org\/{rel}","templated":true}]}}